{"id":11750,"date":"2024-11-11T10:27:26","date_gmt":"2024-11-11T09:27:26","guid":{"rendered":"https:\/\/herzbegleiter.de\/startseite\/?p=11750&#038;preview=true&#038;preview_id=11750"},"modified":"2024-11-12T09:00:28","modified_gmt":"2024-11-12T08:00:28","slug":"neuer-pflegestuetzpunkt-in-bremerhaven","status":"publish","type":"post","link":"https:\/\/herzbegleiter.de\/startseite\/neuer-pflegestuetzpunkt-in-bremerhaven\/","title":{"rendered":"Neuer Pflegest\u00fctzpunkt in Bremerhaven Geestem\u00fcnde"},"content":{"rendered":"\t\t<div data-elementor-type=\"wp-post\" data-elementor-id=\"11750\" class=\"elementor elementor-11750\" data-elementor-post-type=\"post\">\n\t\t\t\t\t\t<section class=\"elementor-section elementor-top-section elementor-element elementor-element-2e55ebdb elementor-section-boxed elementor-section-height-default elementor-section-height-default\" data-id=\"2e55ebdb\" data-element_type=\"section\" data-e-type=\"section\">\n\t\t\t\t\t\t<div class=\"elementor-container elementor-column-gap-default\">\n\t\t\t\t\t<div class=\"elementor-column elementor-col-100 elementor-top-column elementor-element elementor-element-229f878c\" data-id=\"229f878c\" data-element_type=\"column\" data-e-type=\"column\">\n\t\t\t<div class=\"elementor-widget-wrap elementor-element-populated\">\n\t\t\t\t\t\t<div class=\"elementor-element elementor-element-365f4d3b elementor-widget elementor-widget-text-editor\" data-id=\"365f4d3b\" data-element_type=\"widget\" data-e-type=\"widget\" data-widget_type=\"text-editor.default\">\n\t\t\t\t<div class=\"elementor-widget-container\">\n\t\t\t\t\t\t\t\t\t<p><b>Ein Meilenstein f\u00fcr HerzBegleiter: Unser Pflegest\u00fctzpunkt am Wasserturm in Geestem\u00fcnde ist er\u00f6ffnet!<\/b><\/p><p>\u00a0<\/p><p>Heute ist ein ganz besonderer Tag f\u00fcr unser Team in Bremerhaven. Die Arbeiten an und in unserem neuen B\u00fcro am Wasserturm sind endlich abgeschlossen und ab sofort stehen die T\u00fcren unseres Pflegest\u00fctzpunktes in Geestem\u00fcnde f\u00fcr Sie offen!<\/p><p>\u00a0<\/p><p>Hier bieten wir Ihnen nicht nur umfassende Pflegeberatung, sondern auch individuelle Schulungen f\u00fcr pflegende Angeh\u00f6rige.<\/p><p>Unser Ziel ist es, Sie bestm\u00f6glich auf Ihrem Weg zu begleiten und Ihnen mit Rat und Tat zur Seite zu stehen.<\/p><p>\u00a0<\/p><p>Ob es um Fragen zur h\u00e4uslichen Pflege, Unterst\u00fctzung bei Antr\u00e4gen oder die Vermittlung passender Hilfsangebote geht \u2013 unser Team freut sich darauf, Ihnen in unseren neuen R\u00e4umlichkeiten weiterzuhelfen. Wir laden Sie herzlich ein, vorbeizukommen.<\/p>\t\t\t\t\t\t\t\t<\/div>\n\t\t\t\t<\/div>\n\t\t\t\t\t<\/div>\n\t\t<\/div>\n\t\t\t\t\t<\/div>\n\t\t<\/section>\n\t\t\t\t<\/div>\n\t\t","protected":false},"excerpt":{"rendered":"<p>Ein Meilenstein f\u00fcr HerzBegleiter: Unser Pflegest\u00fctzpunkt am Wasserturm in Geestem\u00fcnde ist er\u00f6ffnet! \u00a0 Heute ist ein ganz besonderer Tag f\u00fcr unser Team in Bremerhaven. Die Arbeiten an und in unserem neuen B\u00fcro am Wasserturm sind endlich abgeschlossen und ab sofort stehen die T\u00fcren unseres Pflegest\u00fctzpunktes in Geestem\u00fcnde f\u00fcr Sie offen! \u00a0 Hier bieten wir Ihnen [&hellip;]<\/p>\n","protected":false},"author":128,"featured_media":11751,"comment_status":"open","ping_status":"closed","sticky":false,"template":"","format":"standard","meta":{"_acf_changed":false,"inline_featured_image":false,"site-sidebar-layout":"default","site-content-layout":"default","ast-site-content-layout":"default","site-content-style":"default","site-sidebar-style":"default","ast-global-header-display":"","ast-banner-title-visibility":"","ast-main-header-display":"disabled","ast-hfb-above-header-display":"","ast-hfb-below-header-display":"","ast-hfb-mobile-header-display":"","site-post-title":"","ast-breadcrumbs-content":"","ast-featured-img":"","footer-sml-layout":"","ast-disable-related-posts":"","theme-transparent-header-meta":"default","adv-header-id-meta":"","stick-header-meta":"default","header-above-stick-meta":"","header-main-stick-meta":"","header-below-stick-meta":"","astra-migrate-meta-layouts":"set","ast-page-background-enabled":"default","ast-page-background-meta":{"desktop":{"background-color":"","background-image":"","background-repeat":"repeat","background-position":"center center","background-size":"auto","background-attachment":"scroll","background-type":"","background-media":"","overlay-type":"","overlay-color":"","overlay-opacity":"","overlay-gradient":""},"tablet":{"background-color":"","background-image":"","background-repeat":"repeat","background-position":"center center","background-size":"auto","background-attachment":"scroll","background-type":"","background-media":"","overlay-type":"","overlay-color":"","overlay-opacity":"","overlay-gradient":""},"mobile":{"background-color":"","background-image":"","background-repeat":"repeat","background-position":"center center","background-size":"auto","background-attachment":"scroll","background-type":"","background-media":"","overlay-type":"","overlay-color":"","overlay-opacity":"","overlay-gradient":""}},"ast-content-background-meta":{"desktop":{"background-color":"var(--ast-global-color-5)","background-image":"","background-repeat":"repeat","background-position":"center center","background-size":"auto","background-attachment":"scroll","background-type":"","background-media":"","overlay-type":"","overlay-color":"","overlay-opacity":"","overlay-gradient":""},"tablet":{"background-color":"var(--ast-global-color-5)","background-image":"","background-repeat":"repeat","background-position":"center center","background-size":"auto","background-attachment":"scroll","background-type":"","background-media":"","overlay-type":"","overlay-color":"","overlay-opacity":"","overlay-gradient":""},"mobile":{"background-color":"var(--ast-global-color-5)","background-image":"","background-repeat":"repeat","background-position":"center center","background-size":"auto","background-attachment":"scroll","background-type":"","background-media":"","overlay-type":"","overlay-color":"","overlay-opacity":"","overlay-gradient":""}},"footnotes":""},"categories":[55],"tags":[],"class_list":["post-11750","post","type-post","status-publish","format-standard","has-post-thumbnail","hentry","category-herzbegleiter-bremerhaven"],"acf":[],"yoast_head":"<!-- This site is optimized with the Yoast SEO plugin v27.5 - https:\/\/yoast.com\/product\/yoast-seo-wordpress\/ -->\n<title>Neuer Pflegest\u00fctzpunkt in Bremerhaven Geestem\u00fcnde - HerzBegleiter<\/title>\n<meta name=\"description\" content=\"Mit dem Herz am rechten Fleck und einer Ausbildung in der Alten- oder Krankenpflege bist du bestens f\u00fcr die Aufgaben in der Pflege gewappnet.\" \/>\n<meta name=\"robots\" content=\"index, follow, max-snippet:-1, max-image-preview:large, max-video-preview:-1\" \/>\n<link rel=\"canonical\" href=\"https:\/\/herzbegleiter.de\/startseite\/neuer-pflegestuetzpunkt-in-bremerhaven\/\" \/>\n<meta property=\"og:locale\" content=\"de_DE\" \/>\n<meta property=\"og:type\" content=\"article\" \/>\n<meta property=\"og:title\" content=\"Neuer Pflegest\u00fctzpunkt in Bremerhaven Geestem\u00fcnde - HerzBegleiter\" \/>\n<meta property=\"og:description\" content=\"Mit dem Herz am rechten Fleck und einer Ausbildung in der Alten- oder Krankenpflege bist du bestens f\u00fcr die Aufgaben in der Pflege gewappnet.\" \/>\n<meta property=\"og:url\" content=\"https:\/\/herzbegleiter.de\/startseite\/neuer-pflegestuetzpunkt-in-bremerhaven\/\" \/>\n<meta property=\"og:site_name\" content=\"HerzBegleiter\" \/>\n<meta property=\"article:publisher\" content=\"https:\/\/www.facebook.com\/HerzBegleiter\" \/>\n<meta property=\"article:published_time\" content=\"2024-11-11T09:27:26+00:00\" \/>\n<meta property=\"article:modified_time\" content=\"2024-11-12T08:00:28+00:00\" \/>\n<meta property=\"og:image\" content=\"https:\/\/herzbegleiter.de\/wp-content\/uploads\/2024\/11\/Pflegestuetzpunkt-bremerhaven-scaled.jpg\" \/>\n\t<meta property=\"og:image:width\" content=\"2560\" \/>\n\t<meta property=\"og:image:height\" content=\"1920\" \/>\n\t<meta property=\"og:image:type\" content=\"image\/jpeg\" \/>\n<meta name=\"author\" content=\"Ricardo Gantschnigg\" \/>\n<meta name=\"twitter:card\" content=\"summary_large_image\" \/>\n<meta name=\"twitter:label1\" content=\"Verfasst von\" \/>\n\t<meta name=\"twitter:data1\" content=\"Ricardo Gantschnigg\" \/>\n\t<meta name=\"twitter:label2\" content=\"Gesch\u00e4tzte Lesezeit\" \/>\n\t<meta name=\"twitter:data2\" content=\"1\u00a0Minute\" \/>\n<script type=\"application\/ld+json\" class=\"yoast-schema-graph\">{\"@context\":\"https:\\\/\\\/schema.org\",\"@graph\":[{\"@type\":\"Article\",\"@id\":\"https:\\\/\\\/herzbegleiter.de\\\/startseite\\\/neuer-pflegestuetzpunkt-in-bremerhaven\\\/#article\",\"isPartOf\":{\"@id\":\"https:\\\/\\\/herzbegleiter.de\\\/startseite\\\/neuer-pflegestuetzpunkt-in-bremerhaven\\\/\"},\"author\":{\"name\":\"Ricardo Gantschnigg\",\"@id\":\"https:\\\/\\\/herzbegleiter.de\\\/startseite\\\/#\\\/schema\\\/person\\\/3065ae1a697f0a6b1e5716b8a072f8e8\"},\"headline\":\"Neuer Pflegest\u00fctzpunkt in Bremerhaven Geestem\u00fcnde\",\"datePublished\":\"2024-11-11T09:27:26+00:00\",\"dateModified\":\"2024-11-12T08:00:28+00:00\",\"mainEntityOfPage\":{\"@id\":\"https:\\\/\\\/herzbegleiter.de\\\/startseite\\\/neuer-pflegestuetzpunkt-in-bremerhaven\\\/\"},\"wordCount\":142,\"commentCount\":0,\"publisher\":{\"@id\":\"https:\\\/\\\/herzbegleiter.de\\\/startseite\\\/#organization\"},\"image\":{\"@id\":\"https:\\\/\\\/herzbegleiter.de\\\/startseite\\\/neuer-pflegestuetzpunkt-in-bremerhaven\\\/#primaryimage\"},\"thumbnailUrl\":\"https:\\\/\\\/herzbegleiter.de\\\/wp-content\\\/uploads\\\/2024\\\/11\\\/Pflegestuetzpunkt-bremerhaven-scaled.jpg\",\"articleSection\":[\"HerzBegleiter Bremerhaven\"],\"inLanguage\":\"de\",\"potentialAction\":[{\"@type\":\"CommentAction\",\"name\":\"Comment\",\"target\":[\"https:\\\/\\\/herzbegleiter.de\\\/startseite\\\/neuer-pflegestuetzpunkt-in-bremerhaven\\\/#respond\"]}]},{\"@type\":\"WebPage\",\"@id\":\"https:\\\/\\\/herzbegleiter.de\\\/startseite\\\/neuer-pflegestuetzpunkt-in-bremerhaven\\\/\",\"url\":\"https:\\\/\\\/herzbegleiter.de\\\/startseite\\\/neuer-pflegestuetzpunkt-in-bremerhaven\\\/\",\"name\":\"Neuer Pflegest\u00fctzpunkt in Bremerhaven Geestem\u00fcnde - HerzBegleiter\",\"isPartOf\":{\"@id\":\"https:\\\/\\\/herzbegleiter.de\\\/startseite\\\/#website\"},\"primaryImageOfPage\":{\"@id\":\"https:\\\/\\\/herzbegleiter.de\\\/startseite\\\/neuer-pflegestuetzpunkt-in-bremerhaven\\\/#primaryimage\"},\"image\":{\"@id\":\"https:\\\/\\\/herzbegleiter.de\\\/startseite\\\/neuer-pflegestuetzpunkt-in-bremerhaven\\\/#primaryimage\"},\"thumbnailUrl\":\"https:\\\/\\\/herzbegleiter.de\\\/wp-content\\\/uploads\\\/2024\\\/11\\\/Pflegestuetzpunkt-bremerhaven-scaled.jpg\",\"datePublished\":\"2024-11-11T09:27:26+00:00\",\"dateModified\":\"2024-11-12T08:00:28+00:00\",\"description\":\"Mit dem Herz am rechten Fleck und einer Ausbildung in der Alten- oder Krankenpflege bist du bestens f\u00fcr die Aufgaben in der Pflege gewappnet.\",\"breadcrumb\":{\"@id\":\"https:\\\/\\\/herzbegleiter.de\\\/startseite\\\/neuer-pflegestuetzpunkt-in-bremerhaven\\\/#breadcrumb\"},\"inLanguage\":\"de\",\"potentialAction\":[{\"@type\":\"ReadAction\",\"target\":[\"https:\\\/\\\/herzbegleiter.de\\\/startseite\\\/neuer-pflegestuetzpunkt-in-bremerhaven\\\/\"]}]},{\"@type\":\"ImageObject\",\"inLanguage\":\"de\",\"@id\":\"https:\\\/\\\/herzbegleiter.de\\\/startseite\\\/neuer-pflegestuetzpunkt-in-bremerhaven\\\/#primaryimage\",\"url\":\"https:\\\/\\\/herzbegleiter.de\\\/wp-content\\\/uploads\\\/2024\\\/11\\\/Pflegestuetzpunkt-bremerhaven-scaled.jpg\",\"contentUrl\":\"https:\\\/\\\/herzbegleiter.de\\\/wp-content\\\/uploads\\\/2024\\\/11\\\/Pflegestuetzpunkt-bremerhaven-scaled.jpg\",\"width\":2560,\"height\":1920},{\"@type\":\"BreadcrumbList\",\"@id\":\"https:\\\/\\\/herzbegleiter.de\\\/startseite\\\/neuer-pflegestuetzpunkt-in-bremerhaven\\\/#breadcrumb\",\"itemListElement\":[{\"@type\":\"ListItem\",\"position\":1,\"name\":\"Startseite\",\"item\":\"https:\\\/\\\/herzbegleiter.de\\\/startseite\\\/\"},{\"@type\":\"ListItem\",\"position\":2,\"name\":\"Neuer Pflegest\u00fctzpunkt in Bremerhaven Geestem\u00fcnde\"}]},{\"@type\":\"WebSite\",\"@id\":\"https:\\\/\\\/herzbegleiter.de\\\/startseite\\\/#website\",\"url\":\"https:\\\/\\\/herzbegleiter.de\\\/startseite\\\/\",\"name\":\"HerzBegleiter\",\"description\":\"Ambulanter Pflegedienst\",\"publisher\":{\"@id\":\"https:\\\/\\\/herzbegleiter.de\\\/startseite\\\/#organization\"},\"potentialAction\":[{\"@type\":\"SearchAction\",\"target\":{\"@type\":\"EntryPoint\",\"urlTemplate\":\"https:\\\/\\\/herzbegleiter.de\\\/startseite\\\/?s={search_term_string}\"},\"query-input\":{\"@type\":\"PropertyValueSpecification\",\"valueRequired\":true,\"valueName\":\"search_term_string\"}}],\"inLanguage\":\"de\"},{\"@type\":\"Organization\",\"@id\":\"https:\\\/\\\/herzbegleiter.de\\\/startseite\\\/#organization\",\"name\":\"HerzBegleiter\",\"url\":\"https:\\\/\\\/herzbegleiter.de\\\/startseite\\\/\",\"logo\":{\"@type\":\"ImageObject\",\"inLanguage\":\"de\",\"@id\":\"https:\\\/\\\/herzbegleiter.de\\\/startseite\\\/#\\\/schema\\\/logo\\\/image\\\/\",\"url\":\"https:\\\/\\\/herzbegleiter.de\\\/wp-content\\\/uploads\\\/2020\\\/09\\\/logo.svg\",\"contentUrl\":\"https:\\\/\\\/herzbegleiter.de\\\/wp-content\\\/uploads\\\/2020\\\/09\\\/logo.svg\",\"width\":237,\"height\":45,\"caption\":\"HerzBegleiter\"},\"image\":{\"@id\":\"https:\\\/\\\/herzbegleiter.de\\\/startseite\\\/#\\\/schema\\\/logo\\\/image\\\/\"},\"sameAs\":[\"https:\\\/\\\/www.facebook.com\\\/HerzBegleiter\",\"https:\\\/\\\/www.instagram.com\\\/herzbegleiter\\\/\"]},{\"@type\":\"Person\",\"@id\":\"https:\\\/\\\/herzbegleiter.de\\\/startseite\\\/#\\\/schema\\\/person\\\/3065ae1a697f0a6b1e5716b8a072f8e8\",\"name\":\"Ricardo Gantschnigg\",\"image\":{\"@type\":\"ImageObject\",\"inLanguage\":\"de\",\"@id\":\"https:\\\/\\\/secure.gravatar.com\\\/avatar\\\/dd3a56128f72fa3e23703bcabc6e67e1691d542512a7ae1a48f584d1e5fe813f?s=96&d=mm&r=g\",\"url\":\"https:\\\/\\\/secure.gravatar.com\\\/avatar\\\/dd3a56128f72fa3e23703bcabc6e67e1691d542512a7ae1a48f584d1e5fe813f?s=96&d=mm&r=g\",\"contentUrl\":\"https:\\\/\\\/secure.gravatar.com\\\/avatar\\\/dd3a56128f72fa3e23703bcabc6e67e1691d542512a7ae1a48f584d1e5fe813f?s=96&d=mm&r=g\",\"caption\":\"Ricardo Gantschnigg\"},\"url\":\"https:\\\/\\\/herzbegleiter.de\\\/startseite\\\/author\\\/ricardo-gantschnigg\\\/\"}]}<\/script>\n<!-- \/ Yoast SEO plugin. -->","yoast_head_json":{"title":"Neuer Pflegest\u00fctzpunkt in Bremerhaven Geestem\u00fcnde - HerzBegleiter","description":"Mit dem Herz am rechten Fleck und einer Ausbildung in der Alten- oder Krankenpflege bist du bestens f\u00fcr die Aufgaben in der Pflege gewappnet.","robots":{"index":"index","follow":"follow","max-snippet":"max-snippet:-1","max-image-preview":"max-image-preview:large","max-video-preview":"max-video-preview:-1"},"canonical":"https:\/\/herzbegleiter.de\/startseite\/neuer-pflegestuetzpunkt-in-bremerhaven\/","og_locale":"de_DE","og_type":"article","og_title":"Neuer Pflegest\u00fctzpunkt in Bremerhaven Geestem\u00fcnde - HerzBegleiter","og_description":"Mit dem Herz am rechten Fleck und einer Ausbildung in der Alten- oder Krankenpflege bist du bestens f\u00fcr die Aufgaben in der Pflege gewappnet.","og_url":"https:\/\/herzbegleiter.de\/startseite\/neuer-pflegestuetzpunkt-in-bremerhaven\/","og_site_name":"HerzBegleiter","article_publisher":"https:\/\/www.facebook.com\/HerzBegleiter","article_published_time":"2024-11-11T09:27:26+00:00","article_modified_time":"2024-11-12T08:00:28+00:00","og_image":[{"width":2560,"height":1920,"url":"https:\/\/herzbegleiter.de\/wp-content\/uploads\/2024\/11\/Pflegestuetzpunkt-bremerhaven-scaled.jpg","type":"image\/jpeg"}],"author":"Ricardo Gantschnigg","twitter_card":"summary_large_image","twitter_misc":{"Verfasst von":"Ricardo Gantschnigg","Gesch\u00e4tzte Lesezeit":"1\u00a0Minute"},"schema":{"@context":"https:\/\/schema.org","@graph":[{"@type":"Article","@id":"https:\/\/herzbegleiter.de\/startseite\/neuer-pflegestuetzpunkt-in-bremerhaven\/#article","isPartOf":{"@id":"https:\/\/herzbegleiter.de\/startseite\/neuer-pflegestuetzpunkt-in-bremerhaven\/"},"author":{"name":"Ricardo Gantschnigg","@id":"https:\/\/herzbegleiter.de\/startseite\/#\/schema\/person\/3065ae1a697f0a6b1e5716b8a072f8e8"},"headline":"Neuer Pflegest\u00fctzpunkt in Bremerhaven Geestem\u00fcnde","datePublished":"2024-11-11T09:27:26+00:00","dateModified":"2024-11-12T08:00:28+00:00","mainEntityOfPage":{"@id":"https:\/\/herzbegleiter.de\/startseite\/neuer-pflegestuetzpunkt-in-bremerhaven\/"},"wordCount":142,"commentCount":0,"publisher":{"@id":"https:\/\/herzbegleiter.de\/startseite\/#organization"},"image":{"@id":"https:\/\/herzbegleiter.de\/startseite\/neuer-pflegestuetzpunkt-in-bremerhaven\/#primaryimage"},"thumbnailUrl":"https:\/\/herzbegleiter.de\/wp-content\/uploads\/2024\/11\/Pflegestuetzpunkt-bremerhaven-scaled.jpg","articleSection":["HerzBegleiter Bremerhaven"],"inLanguage":"de","potentialAction":[{"@type":"CommentAction","name":"Comment","target":["https:\/\/herzbegleiter.de\/startseite\/neuer-pflegestuetzpunkt-in-bremerhaven\/#respond"]}]},{"@type":"WebPage","@id":"https:\/\/herzbegleiter.de\/startseite\/neuer-pflegestuetzpunkt-in-bremerhaven\/","url":"https:\/\/herzbegleiter.de\/startseite\/neuer-pflegestuetzpunkt-in-bremerhaven\/","name":"Neuer Pflegest\u00fctzpunkt in Bremerhaven Geestem\u00fcnde - HerzBegleiter","isPartOf":{"@id":"https:\/\/herzbegleiter.de\/startseite\/#website"},"primaryImageOfPage":{"@id":"https:\/\/herzbegleiter.de\/startseite\/neuer-pflegestuetzpunkt-in-bremerhaven\/#primaryimage"},"image":{"@id":"https:\/\/herzbegleiter.de\/startseite\/neuer-pflegestuetzpunkt-in-bremerhaven\/#primaryimage"},"thumbnailUrl":"https:\/\/herzbegleiter.de\/wp-content\/uploads\/2024\/11\/Pflegestuetzpunkt-bremerhaven-scaled.jpg","datePublished":"2024-11-11T09:27:26+00:00","dateModified":"2024-11-12T08:00:28+00:00","description":"Mit dem Herz am rechten Fleck und einer Ausbildung in der Alten- oder Krankenpflege bist du bestens f\u00fcr die Aufgaben in der Pflege gewappnet.","breadcrumb":{"@id":"https:\/\/herzbegleiter.de\/startseite\/neuer-pflegestuetzpunkt-in-bremerhaven\/#breadcrumb"},"inLanguage":"de","potentialAction":[{"@type":"ReadAction","target":["https:\/\/herzbegleiter.de\/startseite\/neuer-pflegestuetzpunkt-in-bremerhaven\/"]}]},{"@type":"ImageObject","inLanguage":"de","@id":"https:\/\/herzbegleiter.de\/startseite\/neuer-pflegestuetzpunkt-in-bremerhaven\/#primaryimage","url":"https:\/\/herzbegleiter.de\/wp-content\/uploads\/2024\/11\/Pflegestuetzpunkt-bremerhaven-scaled.jpg","contentUrl":"https:\/\/herzbegleiter.de\/wp-content\/uploads\/2024\/11\/Pflegestuetzpunkt-bremerhaven-scaled.jpg","width":2560,"height":1920},{"@type":"BreadcrumbList","@id":"https:\/\/herzbegleiter.de\/startseite\/neuer-pflegestuetzpunkt-in-bremerhaven\/#breadcrumb","itemListElement":[{"@type":"ListItem","position":1,"name":"Startseite","item":"https:\/\/herzbegleiter.de\/startseite\/"},{"@type":"ListItem","position":2,"name":"Neuer Pflegest\u00fctzpunkt in Bremerhaven Geestem\u00fcnde"}]},{"@type":"WebSite","@id":"https:\/\/herzbegleiter.de\/startseite\/#website","url":"https:\/\/herzbegleiter.de\/startseite\/","name":"HerzBegleiter","description":"Ambulanter Pflegedienst","publisher":{"@id":"https:\/\/herzbegleiter.de\/startseite\/#organization"},"potentialAction":[{"@type":"SearchAction","target":{"@type":"EntryPoint","urlTemplate":"https:\/\/herzbegleiter.de\/startseite\/?s={search_term_string}"},"query-input":{"@type":"PropertyValueSpecification","valueRequired":true,"valueName":"search_term_string"}}],"inLanguage":"de"},{"@type":"Organization","@id":"https:\/\/herzbegleiter.de\/startseite\/#organization","name":"HerzBegleiter","url":"https:\/\/herzbegleiter.de\/startseite\/","logo":{"@type":"ImageObject","inLanguage":"de","@id":"https:\/\/herzbegleiter.de\/startseite\/#\/schema\/logo\/image\/","url":"https:\/\/herzbegleiter.de\/wp-content\/uploads\/2020\/09\/logo.svg","contentUrl":"https:\/\/herzbegleiter.de\/wp-content\/uploads\/2020\/09\/logo.svg","width":237,"height":45,"caption":"HerzBegleiter"},"image":{"@id":"https:\/\/herzbegleiter.de\/startseite\/#\/schema\/logo\/image\/"},"sameAs":["https:\/\/www.facebook.com\/HerzBegleiter","https:\/\/www.instagram.com\/herzbegleiter\/"]},{"@type":"Person","@id":"https:\/\/herzbegleiter.de\/startseite\/#\/schema\/person\/3065ae1a697f0a6b1e5716b8a072f8e8","name":"Ricardo Gantschnigg","image":{"@type":"ImageObject","inLanguage":"de","@id":"https:\/\/secure.gravatar.com\/avatar\/dd3a56128f72fa3e23703bcabc6e67e1691d542512a7ae1a48f584d1e5fe813f?s=96&d=mm&r=g","url":"https:\/\/secure.gravatar.com\/avatar\/dd3a56128f72fa3e23703bcabc6e67e1691d542512a7ae1a48f584d1e5fe813f?s=96&d=mm&r=g","contentUrl":"https:\/\/secure.gravatar.com\/avatar\/dd3a56128f72fa3e23703bcabc6e67e1691d542512a7ae1a48f584d1e5fe813f?s=96&d=mm&r=g","caption":"Ricardo Gantschnigg"},"url":"https:\/\/herzbegleiter.de\/startseite\/author\/ricardo-gantschnigg\/"}]}},"_links":{"self":[{"href":"https:\/\/herzbegleiter.de\/startseite\/wp-json\/wp\/v2\/posts\/11750","targetHints":{"allow":["GET"]}}],"collection":[{"href":"https:\/\/herzbegleiter.de\/startseite\/wp-json\/wp\/v2\/posts"}],"about":[{"href":"https:\/\/herzbegleiter.de\/startseite\/wp-json\/wp\/v2\/types\/post"}],"author":[{"embeddable":true,"href":"https:\/\/herzbegleiter.de\/startseite\/wp-json\/wp\/v2\/users\/128"}],"replies":[{"embeddable":true,"href":"https:\/\/herzbegleiter.de\/startseite\/wp-json\/wp\/v2\/comments?post=11750"}],"version-history":[{"count":14,"href":"https:\/\/herzbegleiter.de\/startseite\/wp-json\/wp\/v2\/posts\/11750\/revisions"}],"predecessor-version":[{"id":11795,"href":"https:\/\/herzbegleiter.de\/startseite\/wp-json\/wp\/v2\/posts\/11750\/revisions\/11795"}],"wp:featuredmedia":[{"embeddable":true,"href":"https:\/\/herzbegleiter.de\/startseite\/wp-json\/wp\/v2\/media\/11751"}],"wp:attachment":[{"href":"https:\/\/herzbegleiter.de\/startseite\/wp-json\/wp\/v2\/media?parent=11750"}],"wp:term":[{"taxonomy":"category","embeddable":true,"href":"https:\/\/herzbegleiter.de\/startseite\/wp-json\/wp\/v2\/categories?post=11750"},{"taxonomy":"post_tag","embeddable":true,"href":"https:\/\/herzbegleiter.de\/startseite\/wp-json\/wp\/v2\/tags?post=11750"}],"curies":[{"name":"wp","href":"https:\/\/api.w.org\/{rel}","templated":true}]}}